{"id":2174,"date":"2026-08-24T13:40:34","date_gmt":"2026-08-24T11:40:34","guid":{"rendered":"https:\/\/lgd-garwolin.pl\/?p=2174"},"modified":"2026-08-24T13:40:34","modified_gmt":"2026-08-24T11:40:34","slug":"szanowni-panstwo","status":"publish","type":"post","link":"https:\/\/lgd-garwolin.pl\/index.php\/2026\/08\/24\/szanowni-panstwo\/","title":{"rendered":"Szanowni Pa\u0144stwo"},"content":{"rendered":"<p>pragniemy poinformowa\u0107, i\u017c og\u0142osili\u015bmy nab\u00f3r wystawc\u00f3w na Targi BioExpo Warsaw, kt\u00f3re odb\u0119d\u0105 si\u0119 w dniach 17-19 listopada 2026 roku w Centrum Targowo-Kongresowym w podwarszawskim Nadarzynie.<\/p>\n<p>Wi\u0119cej informacji dost\u0119pnych jest pod linkiem <a href=\"https:\/\/mazovia.pl\/pl\/bip\/zalatw-sprawe\/rolnictwo\/informacje-ogloszenia-i-przedsiewziecia\/zaproszenie-do-udzialu-w-targach-bioexpo-warsaw-2.html\" target=\"_blank\" rel=\"noopener noreferrer\" data-saferedirecturl=\"https:\/\/www.google.com\/url?q=https:\/\/mazovia.pl\/pl\/bip\/zalatw-sprawe\/rolnictwo\/informacje-ogloszenia-i-przedsiewziecia\/zaproszenie-do-udzialu-w-targach-bioexpo-warsaw-2.html&amp;source=gmail&amp;ust=1787657993276000&amp;usg=AOvVaw3GZ96uuOpnh_svdvR-eXls\">Zaproszenie do udzia\u0142u w Targach BioExpo Warsaw &#8211; Witryna Mazovia.pl<\/a><\/p>\n<p>W przypadku dodatkowych pyta\u0144 zapraszamy do kontaktu z Agnieszk\u0105 Kali\u0144sk\u0105 tel. 22 59 79&nbsp;352, <a href=\"mailto:agnieszka.kalinska@mazovia.pl\" target=\"_blank\" rel=\"noopener noreferrer\">agnieszka.kalinska@mazovia.pl<\/a><\/p>\n","protected":false},"excerpt":{"rendered":"<p>pragniemy poinformowa\u0107, i\u017c og\u0142osili\u015bmy nab\u00f3r wystawc\u00f3w na Targi BioExpo Warsaw, kt\u00f3re odb\u0119d\u0105 si\u0119 w dniach 17-19 listopada 2026 roku w Centrum Targowo-Kongresowym w podwarszawskim Nadarzynie. Wi\u0119cej informacji dost\u0119pnych jest pod linkiem Zaproszenie do udzia\u0142u w Targach BioExpo Warsaw &#8211; Witryna Mazovia.pl W przypadku dodatkowych pyta\u0144 zapraszamy do kontaktu z Agnieszk\u0105 Kali\u0144sk\u0105 tel. 22 59 79&nbsp;352, [&hellip;]<\/p>\n","protected":false},"author":1,"featured_media":0,"comment_status":"open","ping_status":"open","sticky":false,"template":"","format":"standard","meta":{"ngg_post_thumbnail":0,"_jetpack_newsletter_access":"","_jetpack_dont_email_post_to_subs":false,"_jetpack_newsletter_tier_id":0,"_jetpack_memberships_contains_paywalled_content":false,"_jetpack_feature_clip_id":0,"_jetpack_memberships_contains_paid_content":false,"footnotes":"","jetpack_post_was_ever_published":false},"categories":[22],"tags":[],"class_list":["post-2174","post","type-post","status-publish","format-standard","hentry","category-aktualnosci"],"jetpack_sharing_enabled":true,"jetpack_featured_media_url":"","_links":{"self":[{"href":"https:\/\/lgd-garwolin.pl\/index.php\/wp-json\/wp\/v2\/posts\/2174","targetHints":{"allow":["GET"]}}],"collection":[{"href":"https:\/\/lgd-garwolin.pl\/index.php\/wp-json\/wp\/v2\/posts"}],"about":[{"href":"https:\/\/lgd-garwolin.pl\/index.php\/wp-json\/wp\/v2\/types\/post"}],"author":[{"embeddable":true,"href":"https:\/\/lgd-garwolin.pl\/index.php\/wp-json\/wp\/v2\/users\/1"}],"replies":[{"embeddable":true,"href":"https:\/\/lgd-garwolin.pl\/index.php\/wp-json\/wp\/v2\/comments?post=2174"}],"version-history":[{"count":1,"href":"https:\/\/lgd-garwolin.pl\/index.php\/wp-json\/wp\/v2\/posts\/2174\/revisions"}],"predecessor-version":[{"id":2175,"href":"https:\/\/lgd-garwolin.pl\/index.php\/wp-json\/wp\/v2\/posts\/2174\/revisions\/2175"}],"wp:attachment":[{"href":"https:\/\/lgd-garwolin.pl\/index.php\/wp-json\/wp\/v2\/media?parent=2174"}],"wp:term":[{"taxonomy":"category","embeddable":true,"href":"https:\/\/lgd-garwolin.pl\/index.php\/wp-json\/wp\/v2\/categories?post=2174"},{"taxonomy":"post_tag","embeddable":true,"href":"https:\/\/lgd-garwolin.pl\/index.php\/wp-json\/wp\/v2\/tags?post=2174"}],"curies":[{"name":"wp","href":"https:\/\/api.w.org\/{rel}","templated":true}]}}