{"id":2126,"date":"2026-07-20T06:22:28","date_gmt":"2026-07-20T04:22:28","guid":{"rendered":"https:\/\/lgd-garwolin.pl\/?p=2126"},"modified":"2026-07-19T16:23:46","modified_gmt":"2026-07-19T14:23:46","slug":"nabor-nr-5-2026","status":"publish","type":"post","link":"https:\/\/lgd-garwolin.pl\/index.php\/2026\/07\/20\/nabor-nr-5-2026\/","title":{"rendered":"Nab\u00f3r nr 5\/2026"},"content":{"rendered":"\t\t<div data-elementor-type=\"wp-post\" data-elementor-id=\"2126\" class=\"elementor elementor-2126\">\n\t\t\t\t<div class=\"elementor-element elementor-element-247fc9e3 e-flex e-con-boxed e-con e-parent\" data-id=\"247fc9e3\" data-element_type=\"container\" data-e-type=\"container\">\n\t\t\t\t\t<div class=\"e-con-inner\">\n\t\t\t\t<div class=\"elementor-element elementor-element-539de9c5 elementor-widget elementor-widget-text-editor\" data-id=\"539de9c5\" data-element_type=\"widget\" data-e-type=\"widget\" data-widget_type=\"text-editor.default\">\n\t\t\t\t<div class=\"elementor-widget-container\">\n\t\t\t\t\t\t\t\t\t<p>Stowarzyszenie Lokalna Grupa Dzia\u0142ania \u2013 Forum Powiatu Garwoli\u0144skiego og\u0142asza nab\u00f3r wniosk\u00f3w nr 5\/2026 na operacje w ramach przedsi\u0119wzi\u0119cia P.3.1 Poprawa dost\u0119pno\u015bci do us\u0142ug w zakresie Rozw\u00f3j przedsi\u0119biorczo\u015bci poprzez rozwijanie pozarolniczej dzia\u0142alno\u015bci gospodarczej (Rozw\u00f3j DG) w ramach wdra\u017cania Lokalnej Strategii Rozwoju realizowanej w ramach Planu Strategicznego dla Wsp\u00f3lnej Polityki Rolnej na lata 2023\u20132027 dla interwencji I.13.1 LEADER\/Rozw\u00f3j Lokalny Kierowany przez Spo\u0142eczno\u015b\u0107 (RLKS) \u2013 komponent wdra\u017canie LSR.<\/p><p>Numer naboru w aplikacji PUE: 1004787<\/p><p><span style=\"color: #000000;\">Dokumenty do naboru:<\/span><\/p><p><span style=\"color: #3366ff;\">1. <a style=\"color: #3366ff;\" href=\"https:\/\/lgd-garwolin.pl\/wp-content\/uploads\/2026\/07\/1.-Ogloszenie-o-naborze-nr-5.2026.pdf\" target=\"_blank\" rel=\"noopener\">Og\u0142oszenie o naborze<\/a><\/span><\/p><p><span style=\"color: #3366ff;\">2. <a style=\"color: #3366ff;\" href=\"https:\/\/lgd-garwolin.pl\/wp-content\/uploads\/2026\/07\/2.-Regulamin-naboru-nr-5.2026-1.pdf\" target=\"_blank\" rel=\"noopener\">Regulamin naboru wniosk\u00f3w<\/a><\/span><\/p><p><span style=\"color: #000000;\">3. Za\u0142\u0105czniki do Regulaminu naboru wniosk\u00f3w:<\/span><\/p><p><span style=\"color: #3366ff;\">3.1. <a style=\"color: #3366ff;\" href=\"https:\/\/lgd-garwolin.pl\/wp-content\/uploads\/2026\/07\/3.1.-Zalacznik-nr-1-Formularz-umowy-o-przyznaniu-pomocy.pdf\" target=\"_blank\" rel=\"noopener\">Za\u0142\u0105cznik nr 1 \u2013 Formularz umowy o przyznaniu pomocy<\/a><\/span><\/p><p><span style=\"color: #000000;\">3.2. Za\u0142\u0105cznik nr 2 \u2013 Formularze za\u0142\u0105cznik\u00f3w do umowy o przyznaniu pomocy:<\/span><\/p><p><span style=\"color: #3366ff;\">3.2.1. <a style=\"color: #3366ff;\" href=\"https:\/\/lgd-garwolin.pl\/wp-content\/uploads\/2026\/07\/Zalacznik-nr-1-Biznesplan.pdf\" target=\"_blank\" rel=\"noopener\">Za\u0142\u0105cznik nr 1 do UoPP \u2013 Biznesplan<\/a><\/span><\/p><p><span style=\"color: #3366ff;\">3.2.2. <a style=\"color: #3366ff;\" href=\"https:\/\/lgd-garwolin.pl\/wp-content\/uploads\/2026\/07\/Zalacznik-nr-2-Informacja-o-przetwarzaniu-danych-osobowych.pdf\" target=\"_blank\" rel=\"noopener\">Za\u0142\u0105cznik nr 2 do UoPP \u2013 Informacja o przetwarzaniu danych osobowych<\/a><\/span><\/p><p><span style=\"color: #3366ff;\">3.2.3. <a style=\"color: #3366ff;\" href=\"https:\/\/lgd-garwolin.pl\/wp-content\/uploads\/2026\/07\/Zalacznik-nr-3-Wykaz-dzialek-na-ktorych-bedzie-realizowana-operacja.pdf\" target=\"_blank\" rel=\"noopener\">Za\u0142\u0105cznik nr 3 do UoPP \u2013 Wykaz dzia\u0142ek na kt\u00f3rych b\u0119dzie realizowana operacja trwale zwi\u0105zana z nieruchomo\u015bci\u0105<\/a><\/span><\/p><p><span style=\"color: #3366ff;\">3.3. <a style=\"color: #3366ff;\" href=\"https:\/\/lgd-garwolin.pl\/wp-content\/uploads\/2026\/07\/3.3.-Zalacznik-nr-3-Kryteria-wyboru-operacji.pdf\" target=\"_blank\" rel=\"noopener\">Za\u0142\u0105cznik nr 3 \u2013 Kryteria wyboru operacji<\/a><\/span><\/p><p><span style=\"color: #3366ff;\">3.4. <a style=\"color: #3366ff;\" href=\"https:\/\/lgd-garwolin.pl\/wp-content\/uploads\/2026\/07\/3.4.-Zalacznik-nr-4-Uzasadnienie-zgodnosci-operacji-z-kryteriami-wyboru.docx\" target=\"_blank\" rel=\"noopener\">Za\u0142\u0105cznik nr 4 \u2013 Uzasadnienie zgodno\u015bci operacji z kryteriami wyboru<\/a><\/span><\/p><p><span style=\"color: #3366ff;\">3.5. <a style=\"color: #3366ff;\" href=\"https:\/\/lgd-garwolin.pl\/wp-content\/uploads\/2026\/07\/3.5.-Zalacznik-nr-5-Instrukcja-wypelniania-WoPP.pdf\" target=\"_blank\" rel=\"noopener\">Za\u0142\u0105cznik nr 5 \u2013 Instrukcja wype\u0142niania wniosku o przyznanie pomocy<\/a><\/span><\/p><p><span style=\"color: #3366ff;\">3.6. <a style=\"color: #3366ff;\" href=\"https:\/\/lgd-garwolin.pl\/wp-content\/uploads\/2026\/07\/3.6.-Zalacznik-nr-6-Pomocniczy-zalacznik-do-instrukcji-wypelniania-WOPP.pdf\" target=\"_blank\" rel=\"noopener\">Za\u0142\u0105cznik nr 6 \u2013 Pomocniczy za\u0142\u0105cznik do Instrukcji wype\u0142niania wniosku przyznanie pomocy<\/a><\/span><\/p><p><span style=\"color: #3366ff;\">3.7. <a style=\"color: #3366ff;\" href=\"https:\/\/lgd-garwolin.pl\/wp-content\/uploads\/2026\/07\/3.7.-Zalacznik-nr-7-Wykaz-zalacznikow-do-WoPP.odt\" target=\"_blank\" rel=\"noopener\">Za\u0142\u0105cznik nr 7 \u2013 Wykaz za\u0142\u0105cznik\u00f3w do wniosku o przyznanie pomocy<\/a><\/span><\/p><p><span style=\"color: #000000;\">3.8. Za\u0142\u0105cznik nr 8 \u2013 Formularze za\u0142\u0105cznik\u00f3w do wniosku o przyznanie pomocy:<\/span><\/p><p><span style=\"color: #3366ff;\">3.8.1. <a style=\"color: #3366ff;\" href=\"https:\/\/lgd-garwolin.pl\/wp-content\/uploads\/2026\/07\/Oswiadczenie-RODO-dla-LGD.pdf\" target=\"_blank\" rel=\"noopener\">O\u015bwiadczenie RODO dla LGD<\/a><\/span><\/p><p><span style=\"color: #3366ff;\">3.8.2. <a style=\"color: #3366ff;\" href=\"https:\/\/lgd-garwolin.pl\/wp-content\/uploads\/2026\/07\/Zalacznik_nr_1-Oswiadczenie-wlasciciela-lub-wspolposiadacza-nieruchomosci.xlsx\" target=\"_blank\" rel=\"noopener\">Za\u0142\u0105cznik nr 1 do WoPP \u2013 O\u015bwiadczenie w\u0142a\u015bciciela lub wsp\u00f3\u0142posiadacza nieruchomo\u015bci<\/a><\/span><\/p><p><span style=\"color: #3366ff;\">3.8.3. <a style=\"color: #3366ff;\" href=\"https:\/\/lgd-garwolin.pl\/wp-content\/uploads\/2026\/07\/Zalacznik_nr_2-Oswiadczenie-o-kwalifikowalnosci-VAT-3-1.xlsx\" target=\"_blank\" rel=\"noopener\">Za\u0142\u0105cznik nr 2 do WoPP \u2013 O\u015bwiadczenie o kwalifikowalno\u015bci VAT<\/a><\/span><\/p><p><span style=\"color: #3366ff;\">3.8.4. <a style=\"color: #3366ff;\" href=\"https:\/\/lgd-garwolin.pl\/wp-content\/uploads\/2026\/07\/Zalacznik_nr_3-Szczegolowy-opis-zadan-wymienionych-w-ZRF.xlsx\" target=\"_blank\" rel=\"noopener\">Za\u0142\u0105cznik nr 3 do WoPP \u2013 Szczeg\u00f3\u0142owy opis zada\u0144 wymienionych w zestawieniu rzeczowo \u2013 finansowym<\/a><\/span><\/p><p><span style=\"color: #3366ff;\">3.8.5. <a style=\"color: #3366ff;\" href=\"https:\/\/lgd-garwolin.pl\/wp-content\/uploads\/2026\/07\/Zalacznik_nr_4_Oswiadczenie_podmiotu-o-wielkosci-przedsiebiorstwa.xls\" target=\"_blank\" rel=\"noopener\">Za\u0142\u0105cznik nr 4 do WoPP \u2013 O\u015bwiadczenie podmiotu ubiegaj\u0105cego si\u0119 o przyznanie pomocy o wielko\u015bci przedsi\u0119biorstwa<\/a><\/span><\/p><p><span style=\"color: #3366ff;\">3.8.6. <a style=\"color: #3366ff;\" href=\"https:\/\/lgd-garwolin.pl\/wp-content\/uploads\/2026\/07\/Instrukcja-wypelniania-oswiadczenia-o-wielkosci-przedsiebiorstwa.pdf\" target=\"_blank\" rel=\"noopener\">Instrukcja wype\u0142niania o\u015bwiadczenia o wielko\u015bci przedsi\u0119biorstwa<\/a><\/span><\/p><p><span style=\"color: #3366ff;\">3.8.7. <a style=\"color: #3366ff;\" href=\"https:\/\/lgd-garwolin.pl\/wp-content\/uploads\/2026\/07\/Zalacznik_nr_5-Oswiadczenie-malzonka-o-wyrazeniu-zgody-na-zawarcie-umowy.xlsx\" target=\"_blank\" rel=\"noopener\">Za\u0142\u0105cznik nr 5 do WoPP \u2013 O\u015bwiadczenie ma\u0142\u017conka Wnioskodawcy o wyra\u017ceniu zgody na zawarcie umowy o przyznaniu pomocy<\/a><\/span><\/p><p><span style=\"color: #3366ff;\">3.8.8. <a style=\"color: #3366ff;\" href=\"https:\/\/lgd-garwolin.pl\/wp-content\/uploads\/2026\/07\/Zalacznik_nr_6-Oswiadczenie-o-niepozostawaniu-w-zwiazku-malzenskim-lub-o-ustanowionej-malzenskiej-rozdzielnosci.docx\" target=\"_blank\" rel=\"noopener\">Za\u0142\u0105cznik nr 6 do WoPP \u2013 O\u015bwiadczenie o niepozostawaniu w zwi\u0105zku ma\u0142\u017ce\u0144skim lub o ustanowionej ma\u0142\u017ce\u0144skiej rozdzielno\u015bci maj\u0105tkowej<\/a><\/span><\/p><p><span style=\"color: #3366ff;\">3.8.9. <a style=\"color: #3366ff;\" href=\"https:\/\/lgd-garwolin.pl\/wp-content\/uploads\/2026\/07\/zalacznik_nr_7_Informacja-o-skladzie-podmiotow-wspolnie-realizujacych-operacje-.xlsx\" target=\"_blank\" rel=\"noopener\">Za\u0142\u0105cznik nr 7 do WoPP \u2013Informacja o sk\u0142adzie podmiot\u00f3w wsp\u00f3lnie realizuj\u0105cych operacj\u0119<\/a><\/span><\/p><p><span style=\"color: #3366ff;\">4. <a style=\"color: #3366ff;\" href=\"https:\/\/lgd-garwolin.pl\/wp-content\/uploads\/2026\/07\/Instrukcja-logowania-do-systemu-PUE.pdf\" target=\"_blank\" rel=\"noopener\">Instrukcja logowania do systemu PUE<\/a><\/span><\/p><p><span style=\"color: #000000;\">Wytyczne w zakresie pomocy finansowej w ramach PS WPR na lata 2023\u20132027:<\/span><\/p><p><span style=\"color: #3366ff;\">1. <a style=\"color: #3366ff;\" href=\"https:\/\/lgd-garwolin.pl\/wp-content\/uploads\/2026\/07\/Wytyczne-podstawowe.pdf\" target=\"_blank\" rel=\"noopener\">Wytyczne podstawowe<\/a><\/span><\/p><p><span style=\"color: #3366ff;\">2. <a style=\"color: #3366ff;\" href=\"https:\/\/lgd-garwolin.pl\/wp-content\/uploads\/2026\/07\/Wytyczne-szczegolowe.pdf\" target=\"_blank\" rel=\"noopener\">Wytyczne szczeg\u00f3\u0142owe<\/a><\/span><\/p><p><span style=\"color: #3366ff;\"><span style=\"color: #000000;\">Dodatkowe informacje dla u\u017cytkownik\u00f3w systemu PUE znale\u017a\u0107 mo\u017cna na stronie<\/span> <a style=\"color: #3366ff;\" href=\"https:\/\/mazowieckie.ksow.pl\/wpr-2023-2027\/i131-leader-rlks-rozwoj-lokalny-kierowany-przez-spolecznosc\" target=\"_blank\" rel=\"noopener\">Krajowej Sieci Obszar\u00f3w Wiejskich \u2013 kliknij \u017ceby przej\u015b\u0107 do strony<\/a><\/span><\/p>\t\t\t\t\t\t\t\t<\/div>\n\t\t\t\t<\/div>\n\t\t\t\t\t<\/div>\n\t\t\t\t<\/div>\n\t\t\t\t<\/div>\n\t\t","protected":false},"excerpt":{"rendered":"<p>Stowarzyszenie Lokalna Grupa Dzia\u0142ania \u2013 Forum Powiatu Garwoli\u0144skiego og\u0142asza nab\u00f3r wniosk\u00f3w nr 5\/2026 na operacje w ramach przedsi\u0119wzi\u0119cia P.3.1 Poprawa dost\u0119pno\u015bci do us\u0142ug w zakresie Rozw\u00f3j przedsi\u0119biorczo\u015bci poprzez rozwijanie pozarolniczej dzia\u0142alno\u015bci gospodarczej (Rozw\u00f3j DG) w ramach wdra\u017cania Lokalnej Strategii Rozwoju realizowanej w ramach Planu Strategicznego dla Wsp\u00f3lnej Polityki Rolnej na lata 2023\u20132027 dla interwencji I.13.1 [&hellip;]<\/p>\n","protected":false},"author":1,"featured_media":0,"comment_status":"open","ping_status":"open","sticky":false,"template":"","format":"standard","meta":{"ngg_post_thumbnail":0,"_jetpack_newsletter_access":"","_jetpack_dont_email_post_to_subs":false,"_jetpack_newsletter_tier_id":0,"_jetpack_memberships_contains_paywalled_content":false,"_jetpack_feature_clip_id":0,"_jetpack_memberships_contains_paid_content":false,"footnotes":"","jetpack_post_was_ever_published":false},"categories":[36,22],"tags":[],"class_list":["post-2126","post","type-post","status-publish","format-standard","hentry","category-aktualne-nabory","category-aktualnosci"],"jetpack_sharing_enabled":true,"jetpack_featured_media_url":"","_links":{"self":[{"href":"https:\/\/lgd-garwolin.pl\/index.php\/wp-json\/wp\/v2\/posts\/2126","targetHints":{"allow":["GET"]}}],"collection":[{"href":"https:\/\/lgd-garwolin.pl\/index.php\/wp-json\/wp\/v2\/posts"}],"about":[{"href":"https:\/\/lgd-garwolin.pl\/index.php\/wp-json\/wp\/v2\/types\/post"}],"author":[{"embeddable":true,"href":"https:\/\/lgd-garwolin.pl\/index.php\/wp-json\/wp\/v2\/users\/1"}],"replies":[{"embeddable":true,"href":"https:\/\/lgd-garwolin.pl\/index.php\/wp-json\/wp\/v2\/comments?post=2126"}],"version-history":[{"count":12,"href":"https:\/\/lgd-garwolin.pl\/index.php\/wp-json\/wp\/v2\/posts\/2126\/revisions"}],"predecessor-version":[{"id":2164,"href":"https:\/\/lgd-garwolin.pl\/index.php\/wp-json\/wp\/v2\/posts\/2126\/revisions\/2164"}],"wp:attachment":[{"href":"https:\/\/lgd-garwolin.pl\/index.php\/wp-json\/wp\/v2\/media?parent=2126"}],"wp:term":[{"taxonomy":"category","embeddable":true,"href":"https:\/\/lgd-garwolin.pl\/index.php\/wp-json\/wp\/v2\/categories?post=2126"},{"taxonomy":"post_tag","embeddable":true,"href":"https:\/\/lgd-garwolin.pl\/index.php\/wp-json\/wp\/v2\/tags?post=2126"}],"curies":[{"name":"wp","href":"https:\/\/api.w.org\/{rel}","templated":true}]}}